{"id":656,"date":"2018-04-23T08:12:23","date_gmt":"2018-04-23T05:12:23","guid":{"rendered":"http:\/\/cnd-freres.com\/?p=656"},"modified":"2025-08-17T19:57:30","modified_gmt":"2025-08-17T16:57:30","slug":"yara-issa-jeune-championne","status":"publish","type":"post","link":"http:\/\/cnd-freres.com\/?p=656","title":{"rendered":"YARA ISSA : JEUNE CHAMPIONNE"},"content":{"rendered":"<p>Le coll\u00e8ge Notre Dame des Fr\u00e8res est fier de Yara Issa ,\u00e9l\u00e8ve en EB 7B, qui a remport\u00e9 la premi\u00e8re place en gymnastique rythmique cat\u00e9gorie (b) championnat du Liban organis\u00e9 par le bureau des sports au minist\u00e8re de l&rsquo;\u00e9ducation.<br \/>\nToutes nos f\u00e9licitations \u00e0 Yara.<a href=\"http:\/\/cnd-freres.com\/wp-content\/uploads\/2018\/04\/31056802_615285392155474_3028466221515723946_n.jpg\"><img loading=\"lazy\" decoding=\"async\" class=\"alignnone size-full wp-image-657\" src=\"http:\/\/cnd-freres.com\/wp-content\/uploads\/2018\/04\/31056802_615285392155474_3028466221515723946_n.jpg\" alt=\"\" width=\"720\" height=\"960\" srcset=\"http:\/\/cnd-freres.com\/wp-content\/uploads\/2018\/04\/31056802_615285392155474_3028466221515723946_n.jpg 720w, http:\/\/cnd-freres.com\/wp-content\/uploads\/2018\/04\/31056802_615285392155474_3028466221515723946_n-225x300.jpg 225w\" sizes=\"auto, (max-width: 720px) 100vw, 720px\" \/><\/a> <a href=\"http:\/\/cnd-freres.com\/wp-content\/uploads\/2018\/04\/31123183_615285442155469_24820949457055309_n.jpg\"><img loading=\"lazy\" decoding=\"async\" class=\"alignnone size-full wp-image-658\" src=\"http:\/\/cnd-freres.com\/wp-content\/uploads\/2018\/04\/31123183_615285442155469_24820949457055309_n.jpg\" alt=\"\" width=\"787\" height=\"767\" srcset=\"http:\/\/cnd-freres.com\/wp-content\/uploads\/2018\/04\/31123183_615285442155469_24820949457055309_n.jpg 787w, http:\/\/cnd-freres.com\/wp-content\/uploads\/2018\/04\/31123183_615285442155469_24820949457055309_n-300x292.jpg 300w, http:\/\/cnd-freres.com\/wp-content\/uploads\/2018\/04\/31123183_615285442155469_24820949457055309_n-768x748.jpg 768w\" sizes=\"auto, (max-width: 787px) 100vw, 787px\" \/><\/a>) au<\/p>\n","protected":false},"excerpt":{"rendered":"<p>Le coll\u00e8ge Notre Dame des Fr\u00e8res est fier de Yara Issa ,\u00e9l\u00e8ve en EB 7B, qui a remport\u00e9 la premi\u00e8re place en gymnastique rythmique cat\u00e9gorie (b) championnat du Liban organis\u00e9 par le bureau des sports au minist\u00e8re de l&rsquo;\u00e9ducation. Toutes nos f\u00e9licitations \u00e0 Yara. ) au<\/p>\n","protected":false},"author":1,"featured_media":0,"comment_status":"closed","ping_status":"open","sticky":false,"template":"","format":"standard","meta":{"footnotes":""},"categories":[2],"tags":[],"class_list":["post-656","post","type-post","status-publish","format-standard","hentry","category-actualites"],"_links":{"self":[{"href":"http:\/\/cnd-freres.com\/index.php?rest_route=\/wp\/v2\/posts\/656","targetHints":{"allow":["GET"]}}],"collection":[{"href":"http:\/\/cnd-freres.com\/index.php?rest_route=\/wp\/v2\/posts"}],"about":[{"href":"http:\/\/cnd-freres.com\/index.php?rest_route=\/wp\/v2\/types\/post"}],"author":[{"embeddable":true,"href":"http:\/\/cnd-freres.com\/index.php?rest_route=\/wp\/v2\/users\/1"}],"replies":[{"embeddable":true,"href":"http:\/\/cnd-freres.com\/index.php?rest_route=%2Fwp%2Fv2%2Fcomments&post=656"}],"version-history":[{"count":1,"href":"http:\/\/cnd-freres.com\/index.php?rest_route=\/wp\/v2\/posts\/656\/revisions"}],"predecessor-version":[{"id":8685,"href":"http:\/\/cnd-freres.com\/index.php?rest_route=\/wp\/v2\/posts\/656\/revisions\/8685"}],"wp:attachment":[{"href":"http:\/\/cnd-freres.com\/index.php?rest_route=%2Fwp%2Fv2%2Fmedia&parent=656"}],"wp:term":[{"taxonomy":"category","embeddable":true,"href":"http:\/\/cnd-freres.com\/index.php?rest_route=%2Fwp%2Fv2%2Fcategories&post=656"},{"taxonomy":"post_tag","embeddable":true,"href":"http:\/\/cnd-freres.com\/index.php?rest_route=%2Fwp%2Fv2%2Ftags&post=656"}],"curies":[{"name":"wp","href":"https:\/\/api.w.org\/{rel}","templated":true}]}}