{"id":578,"date":"2018-03-06T11:58:26","date_gmt":"2018-03-06T10:58:26","guid":{"rendered":"http:\/\/cnd-freres.com\/?p=578"},"modified":"2025-08-17T19:57:30","modified_gmt":"2025-08-17T16:57:30","slug":"rainbow-initiative","status":"publish","type":"post","link":"http:\/\/cnd-freres.com\/?p=578","title":{"rendered":"RAINBOW INITIATIVE"},"content":{"rendered":"<p>Les \u00e9<a href=\"http:\/\/cnd-freres.com\/wp-content\/uploads\/2018\/03\/IMG-20180306-WA0018.jpg\"><img loading=\"lazy\" decoding=\"async\" class=\"wp-image-580 alignleft\" src=\"http:\/\/cnd-freres.com\/wp-content\/uploads\/2018\/03\/IMG-20180306-WA0018-169x300.jpg\" alt=\"\" width=\"172\" height=\"305\" srcset=\"http:\/\/cnd-freres.com\/wp-content\/uploads\/2018\/03\/IMG-20180306-WA0018-169x300.jpg 169w, http:\/\/cnd-freres.com\/wp-content\/uploads\/2018\/03\/IMG-20180306-WA0018-576x1024.jpg 576w, http:\/\/cnd-freres.com\/wp-content\/uploads\/2018\/03\/IMG-20180306-WA0018.jpg 581w\" sizes=\"auto, (max-width: 172px) 100vw, 172px\" \/><\/a>l\u00e8ves du Coll\u00e8ge Notre Dame des Fr\u00e8res Furn el Chebback,en collaboration avec le service m\u00e9dical , ont particip\u00e9 \u00e0 une activit\u00e9 organis\u00e9e par le minist\u00e8re de la sant\u00e9 publique \u00e0 l\u2019occasion de la <strong>\u00ab\u00a0journ\u00e9e internationale du cancer de l\u2019enfant\u00a0\u00bb<\/strong>. Nos \u00e9l\u00e8ves ont \u00e9t\u00e9 inspir\u00e9s par le th\u00e8me de l\u2019arc en ciel pour faire de merveilleux dessins sous l\u2019\u0153il bienveillant de Melle. Rose Kfoury. Ils les ont d\u00e9di\u00e9s aux enfants atteints de cancer dans le but de semer la joie et favoriser le partage.Nous remercions ces jeunes combattants, leurs parents et leurs soignants, le minist\u00e8re pour cette initiative, nos \u00e9l\u00e8ves pour leur enthousiasme et tous ceux qui ont contribu\u00e9 \u00e0 mener \u00e0 bien ce projet.<a href=\"http:\/\/cnd-freres.com\/wp-content\/uploads\/2018\/03\/IMG-20180306-WA0019.jpg\"><img loading=\"lazy\" decoding=\"async\" class=\"size-medium wp-image-581 alignleft\" src=\"http:\/\/cnd-freres.com\/wp-content\/uploads\/2018\/03\/IMG-20180306-WA0019-300x169.jpg\" alt=\"\" width=\"300\" height=\"169\" srcset=\"http:\/\/cnd-freres.com\/wp-content\/uploads\/2018\/03\/IMG-20180306-WA0019-300x169.jpg 300w, http:\/\/cnd-freres.com\/wp-content\/uploads\/2018\/03\/IMG-20180306-WA0019-768x432.jpg 768w, http:\/\/cnd-freres.com\/wp-content\/uploads\/2018\/03\/IMG-20180306-WA0019-1024x576.jpg 1024w, http:\/\/cnd-freres.com\/wp-content\/uploads\/2018\/03\/IMG-20180306-WA0019-848x480.jpg 848w, http:\/\/cnd-freres.com\/wp-content\/uploads\/2018\/03\/IMG-20180306-WA0019.jpg 1032w\" sizes=\"auto, (max-width: 300px) 100vw, 300px\" \/><\/a><\/p>\n","protected":false},"excerpt":{"rendered":"<p>Les \u00e9l\u00e8ves du Coll\u00e8ge Notre Dame des Fr\u00e8res Furn el Chebback,en collaboration avec le service m\u00e9dical , ont particip\u00e9 \u00e0 une activit\u00e9 organis\u00e9e par le minist\u00e8re de la sant\u00e9 publique \u00e0 l\u2019occasion de la \u00ab\u00a0journ\u00e9e internationale du cancer de l\u2019enfant\u00a0\u00bb. Nos \u00e9l\u00e8ves ont \u00e9t\u00e9 inspir\u00e9s par le th\u00e8me de l\u2019arc en ciel pour faire de [&hellip;]<\/p>\n","protected":false},"author":1,"featured_media":583,"comment_status":"closed","ping_status":"open","sticky":false,"template":"","format":"standard","meta":{"footnotes":""},"categories":[1],"tags":[],"class_list":["post-578","post","type-post","status-publish","format-standard","has-post-thumbnail","hentry","category-non-classe"],"_links":{"self":[{"href":"http:\/\/cnd-freres.com\/index.php?rest_route=\/wp\/v2\/posts\/578","targetHints":{"allow":["GET"]}}],"collection":[{"href":"http:\/\/cnd-freres.com\/index.php?rest_route=\/wp\/v2\/posts"}],"about":[{"href":"http:\/\/cnd-freres.com\/index.php?rest_route=\/wp\/v2\/types\/post"}],"author":[{"embeddable":true,"href":"http:\/\/cnd-freres.com\/index.php?rest_route=\/wp\/v2\/users\/1"}],"replies":[{"embeddable":true,"href":"http:\/\/cnd-freres.com\/index.php?rest_route=%2Fwp%2Fv2%2Fcomments&post=578"}],"version-history":[{"count":1,"href":"http:\/\/cnd-freres.com\/index.php?rest_route=\/wp\/v2\/posts\/578\/revisions"}],"predecessor-version":[{"id":8689,"href":"http:\/\/cnd-freres.com\/index.php?rest_route=\/wp\/v2\/posts\/578\/revisions\/8689"}],"wp:featuredmedia":[{"embeddable":true,"href":"http:\/\/cnd-freres.com\/index.php?rest_route=\/wp\/v2\/media\/583"}],"wp:attachment":[{"href":"http:\/\/cnd-freres.com\/index.php?rest_route=%2Fwp%2Fv2%2Fmedia&parent=578"}],"wp:term":[{"taxonomy":"category","embeddable":true,"href":"http:\/\/cnd-freres.com\/index.php?rest_route=%2Fwp%2Fv2%2Fcategories&post=578"},{"taxonomy":"post_tag","embeddable":true,"href":"http:\/\/cnd-freres.com\/index.php?rest_route=%2Fwp%2Fv2%2Ftags&post=578"}],"curies":[{"name":"wp","href":"https:\/\/api.w.org\/{rel}","templated":true}]}}