{"id":564,"date":"2018-01-17T11:17:51","date_gmt":"2018-01-17T10:17:51","guid":{"rendered":"http:\/\/cnd-freres.com\/?p=564"},"modified":"2025-08-17T19:57:31","modified_gmt":"2025-08-17T16:57:31","slug":"inscriptions-2018-2019","status":"publish","type":"post","link":"http:\/\/cnd-freres.com\/?p=564","title":{"rendered":"Inscriptions 2018-2019"},"content":{"rendered":"<p>Les inscriptions au Coll\u00e8ge Notre Dame des Fr\u00e8res Furn-el-Chebbak auront lieu \u00e0 partir du 15 janvier 2018.<br \/>\nVous pouvez retirer la fiche d\u2019inscription tous les jours de 8h30 \u00e0 13h30.<br \/>\nLes admissions d\u00e9pendent des places disponibles.<\/p>\n<p><a href=\"http:\/\/cnd-freres.com\/wp-content\/uploads\/2018\/01\/Inscription-Cycles-12-et-3-1.pdf\">Inscription Cycles 1,2 et 3<\/a><\/p>\n<p><a href=\"http:\/\/cnd-freres.com\/wp-content\/uploads\/2018\/01\/Inscription-au-Pr\u00e9scolaire-.pdf\">Inscription au Pr\u00e9scolaire<\/a><\/p>\n","protected":false},"excerpt":{"rendered":"<p>Les inscriptions au Coll\u00e8ge Notre Dame des Fr\u00e8res Furn-el-Chebbak auront lieu \u00e0 partir du 15 janvier 2018. Vous pouvez retirer la fiche d\u2019inscription tous les jours de 8h30 \u00e0 13h30. Les admissions d\u00e9pendent des places disponibles. Inscription Cycles 1,2 et 3 Inscription au Pr\u00e9scolaire<\/p>\n","protected":false},"author":1,"featured_media":0,"comment_status":"closed","ping_status":"open","sticky":false,"template":"","format":"standard","meta":{"footnotes":""},"categories":[2],"tags":[],"class_list":["post-564","post","type-post","status-publish","format-standard","hentry","category-actualites"],"_links":{"self":[{"href":"http:\/\/cnd-freres.com\/index.php?rest_route=\/wp\/v2\/posts\/564","targetHints":{"allow":["GET"]}}],"collection":[{"href":"http:\/\/cnd-freres.com\/index.php?rest_route=\/wp\/v2\/posts"}],"about":[{"href":"http:\/\/cnd-freres.com\/index.php?rest_route=\/wp\/v2\/types\/post"}],"author":[{"embeddable":true,"href":"http:\/\/cnd-freres.com\/index.php?rest_route=\/wp\/v2\/users\/1"}],"replies":[{"embeddable":true,"href":"http:\/\/cnd-freres.com\/index.php?rest_route=%2Fwp%2Fv2%2Fcomments&post=564"}],"version-history":[{"count":1,"href":"http:\/\/cnd-freres.com\/index.php?rest_route=\/wp\/v2\/posts\/564\/revisions"}],"predecessor-version":[{"id":8691,"href":"http:\/\/cnd-freres.com\/index.php?rest_route=\/wp\/v2\/posts\/564\/revisions\/8691"}],"wp:attachment":[{"href":"http:\/\/cnd-freres.com\/index.php?rest_route=%2Fwp%2Fv2%2Fmedia&parent=564"}],"wp:term":[{"taxonomy":"category","embeddable":true,"href":"http:\/\/cnd-freres.com\/index.php?rest_route=%2Fwp%2Fv2%2Fcategories&post=564"},{"taxonomy":"post_tag","embeddable":true,"href":"http:\/\/cnd-freres.com\/index.php?rest_route=%2Fwp%2Fv2%2Ftags&post=564"}],"curies":[{"name":"wp","href":"https:\/\/api.w.org\/{rel}","templated":true}]}}