{"id":556,"date":"2017-11-09T06:37:54","date_gmt":"2017-11-09T05:37:54","guid":{"rendered":"http:\/\/cnd-freres.com\/?p=556"},"modified":"2025-08-17T19:57:31","modified_gmt":"2025-08-17T16:57:31","slug":"le-cnd-au-salon-du-livre","status":"publish","type":"post","link":"http:\/\/cnd-freres.com\/?p=556","title":{"rendered":"LE CND AU SALON DU LIVRE"},"content":{"rendered":"<p>Lundi 6 novembre fut un grand jour pour les \u00e9l\u00e8ves de la EB5. Ils ont pass\u00e9 leur matin\u00e9e (9h30- 12h) au Salon du livre au Biel, l\u00e0 o\u00f9 les bibliophiles et les passionn\u00e9s de belles histoires ont rendez-vous chaque ann\u00e9e. C\u2019\u00e9tait aussi une occasion pour rencontrer l\u2019auteure Anne-Gaelle Balpe, la laur\u00e9ate du concours Jeunes Critiques Libanais, qui a bel et bien m\u00e9rit\u00e9 le premier prix gr\u00e2ce \u00e0 son album Le Roi Maladroit.<\/p>\n<p>A leur arriv\u00e9e, les \u00e9l\u00e8ves se sont s\u00e9par\u00e9s\u00a0: un groupe de trente \u00e9l\u00e8ves s\u2019est dirig\u00e9 vers une salle ferm\u00e9e pour discuter avec Mme Balpe ses id\u00e9es originales qu\u2019ils avaient d\u00e9couvertes dans ses albums. Ils ont \u00e9galement pr\u00e9sent\u00e9 une sayn\u00e8te en\u00a0 d\u00e9tournant l\u2019histoire du Roi\u00a0Maladroit gr\u00e2ce \u00e0 la chanson de Joe Dassin \u00ab\u00a0Le petit pain au chocolat\u00a0\u00bb et leurs grosses lunettes. Mme Balpe a f\u00e9licit\u00e9 les artistes en herbe pour leur talent, leurs id\u00e9es originales et leur bon accent fran\u00e7ais. Nous avons pu voir sa joie et son \u00e9tonnement admiratif. Par contre, les autres fl\u00e2naient d\u2019un stand \u00e0 un autre \u00e0 la recherche de quelques p\u00e9pites \u00e0 ajouter \u00e0 leur wishlist.<\/p>\n<p>C\u2019\u00e9tait une journ\u00e9e r\u00e9ussie qui nous a permis de faire la connaissance d\u2019une charmante dame et de passer deux heures dans le monde des livres.<\/p>\n<p>&nbsp;<\/p>\n<p><a href=\"http:\/\/cnd-freres.com\/wp-content\/uploads\/2017\/11\/IMG_3866.jpg\"><img loading=\"lazy\" decoding=\"async\" class=\"alignnone size-medium wp-image-557\" src=\"http:\/\/cnd-freres.com\/wp-content\/uploads\/2017\/11\/IMG_3866-225x300.jpg\" alt=\"\" width=\"225\" height=\"300\" srcset=\"http:\/\/cnd-freres.com\/wp-content\/uploads\/2017\/11\/IMG_3866-225x300.jpg 225w, http:\/\/cnd-freres.com\/wp-content\/uploads\/2017\/11\/IMG_3866-768x1024.jpg 768w, http:\/\/cnd-freres.com\/wp-content\/uploads\/2017\/11\/IMG_3866.jpg 882w\" sizes=\"auto, (max-width: 225px) 100vw, 225px\" \/><\/a> <a href=\"http:\/\/cnd-freres.com\/wp-content\/uploads\/2017\/11\/IMG_3905.jpg\"><img loading=\"lazy\" decoding=\"async\" class=\"alignnone size-medium wp-image-558\" src=\"http:\/\/cnd-freres.com\/wp-content\/uploads\/2017\/11\/IMG_3905-300x225.jpg\" alt=\"\" width=\"300\" height=\"225\" srcset=\"http:\/\/cnd-freres.com\/wp-content\/uploads\/2017\/11\/IMG_3905-300x225.jpg 300w, http:\/\/cnd-freres.com\/wp-content\/uploads\/2017\/11\/IMG_3905-768x576.jpg 768w, http:\/\/cnd-freres.com\/wp-content\/uploads\/2017\/11\/IMG_3905-1024x768.jpg 1024w, http:\/\/cnd-freres.com\/wp-content\/uploads\/2017\/11\/IMG_3905.jpg 1632w\" sizes=\"auto, (max-width: 300px) 100vw, 300px\" \/><\/a> <a href=\"http:\/\/cnd-freres.com\/wp-content\/uploads\/2017\/11\/IMG_3915.jpg\"><img loading=\"lazy\" decoding=\"async\" class=\"alignnone size-medium wp-image-559\" src=\"http:\/\/cnd-freres.com\/wp-content\/uploads\/2017\/11\/IMG_3915-300x225.jpg\" alt=\"\" width=\"300\" height=\"225\" srcset=\"http:\/\/cnd-freres.com\/wp-content\/uploads\/2017\/11\/IMG_3915-300x225.jpg 300w, http:\/\/cnd-freres.com\/wp-content\/uploads\/2017\/11\/IMG_3915-768x576.jpg 768w, http:\/\/cnd-freres.com\/wp-content\/uploads\/2017\/11\/IMG_3915-1024x768.jpg 1024w, http:\/\/cnd-freres.com\/wp-content\/uploads\/2017\/11\/IMG_3915.jpg 1176w\" sizes=\"auto, (max-width: 300px) 100vw, 300px\" \/><\/a><\/p>\n","protected":false},"excerpt":{"rendered":"<p>Lundi 6 novembre fut un grand jour pour les \u00e9l\u00e8ves de la EB5. Ils ont pass\u00e9 leur matin\u00e9e (9h30- 12h) au Salon du livre au Biel, l\u00e0 o\u00f9 les bibliophiles et les passionn\u00e9s de belles histoires ont rendez-vous chaque ann\u00e9e. C\u2019\u00e9tait aussi une occasion pour rencontrer l\u2019auteure Anne-Gaelle Balpe, la laur\u00e9ate du concours Jeunes Critiques [&hellip;]<\/p>\n","protected":false},"author":1,"featured_media":560,"comment_status":"closed","ping_status":"closed","sticky":false,"template":"","format":"standard","meta":{"footnotes":""},"categories":[2],"tags":[],"class_list":["post-556","post","type-post","status-publish","format-standard","has-post-thumbnail","hentry","category-actualites"],"_links":{"self":[{"href":"http:\/\/cnd-freres.com\/index.php?rest_route=\/wp\/v2\/posts\/556","targetHints":{"allow":["GET"]}}],"collection":[{"href":"http:\/\/cnd-freres.com\/index.php?rest_route=\/wp\/v2\/posts"}],"about":[{"href":"http:\/\/cnd-freres.com\/index.php?rest_route=\/wp\/v2\/types\/post"}],"author":[{"embeddable":true,"href":"http:\/\/cnd-freres.com\/index.php?rest_route=\/wp\/v2\/users\/1"}],"replies":[{"embeddable":true,"href":"http:\/\/cnd-freres.com\/index.php?rest_route=%2Fwp%2Fv2%2Fcomments&post=556"}],"version-history":[{"count":1,"href":"http:\/\/cnd-freres.com\/index.php?rest_route=\/wp\/v2\/posts\/556\/revisions"}],"predecessor-version":[{"id":8692,"href":"http:\/\/cnd-freres.com\/index.php?rest_route=\/wp\/v2\/posts\/556\/revisions\/8692"}],"wp:featuredmedia":[{"embeddable":true,"href":"http:\/\/cnd-freres.com\/index.php?rest_route=\/wp\/v2\/media\/560"}],"wp:attachment":[{"href":"http:\/\/cnd-freres.com\/index.php?rest_route=%2Fwp%2Fv2%2Fmedia&parent=556"}],"wp:term":[{"taxonomy":"category","embeddable":true,"href":"http:\/\/cnd-freres.com\/index.php?rest_route=%2Fwp%2Fv2%2Fcategories&post=556"},{"taxonomy":"post_tag","embeddable":true,"href":"http:\/\/cnd-freres.com\/index.php?rest_route=%2Fwp%2Fv2%2Ftags&post=556"}],"curies":[{"name":"wp","href":"https:\/\/api.w.org\/{rel}","templated":true}]}}