{"id":532,"date":"2017-10-23T10:07:38","date_gmt":"2017-10-23T09:07:38","guid":{"rendered":"http:\/\/cnd-freres.com\/?p=532"},"modified":"2025-08-17T19:57:31","modified_gmt":"2025-08-17T16:57:31","slug":"festival-de-larcheologie","status":"publish","type":"post","link":"http:\/\/cnd-freres.com\/?p=532","title":{"rendered":"Festival de l\u2019Arch\u00e9ologie"},"content":{"rendered":"<p><a href=\"http:\/\/cnd-freres.com\/wp-content\/uploads\/2017\/10\/20171009_092026.jpg\">Dans le cadre des activit\u00e9s culturelles, le d\u00e9partement d\u2019Histoire et de G\u00e9ographie au CND a accompagn\u00e9 les \u00e9l\u00e8ves de la EB6 \u00e0 l\u2019Institut Fran\u00e7ais pour participer au Festival de l\u2019Arch\u00e9ologie.<img loading=\"lazy\" decoding=\"async\" class=\"alignnone size-full wp-image-533\" src=\"http:\/\/cnd-freres.com\/wp-content\/uploads\/2017\/10\/20171009_092026.jpg\" alt=\"\" width=\"4032\" height=\"3024\" srcset=\"http:\/\/cnd-freres.com\/wp-content\/uploads\/2017\/10\/20171009_092026.jpg 4032w, http:\/\/cnd-freres.com\/wp-content\/uploads\/2017\/10\/20171009_092026-300x225.jpg 300w, http:\/\/cnd-freres.com\/wp-content\/uploads\/2017\/10\/20171009_092026-768x576.jpg 768w, http:\/\/cnd-freres.com\/wp-content\/uploads\/2017\/10\/20171009_092026-1024x768.jpg 1024w\" sizes=\"auto, (max-width: 4032px) 100vw, 4032px\" \/><\/a> <a href=\"http:\/\/cnd-freres.com\/wp-content\/uploads\/2017\/10\/20171009_093654.jpg\"><img loading=\"lazy\" decoding=\"async\" class=\"alignnone size-full wp-image-534\" src=\"http:\/\/cnd-freres.com\/wp-content\/uploads\/2017\/10\/20171009_093654.jpg\" alt=\"\" width=\"3024\" height=\"4032\" srcset=\"http:\/\/cnd-freres.com\/wp-content\/uploads\/2017\/10\/20171009_093654.jpg 3024w, http:\/\/cnd-freres.com\/wp-content\/uploads\/2017\/10\/20171009_093654-225x300.jpg 225w, http:\/\/cnd-freres.com\/wp-content\/uploads\/2017\/10\/20171009_093654-768x1024.jpg 768w\" sizes=\"auto, (max-width: 3024px) 100vw, 3024px\" \/><\/a> <a href=\"http:\/\/cnd-freres.com\/wp-content\/uploads\/2017\/10\/20171010_103111.jpg\"><img loading=\"lazy\" decoding=\"async\" class=\"alignnone size-full wp-image-535\" src=\"http:\/\/cnd-freres.com\/wp-content\/uploads\/2017\/10\/20171010_103111.jpg\" alt=\"\" width=\"4032\" height=\"3024\" srcset=\"http:\/\/cnd-freres.com\/wp-content\/uploads\/2017\/10\/20171010_103111.jpg 4032w, http:\/\/cnd-freres.com\/wp-content\/uploads\/2017\/10\/20171010_103111-300x225.jpg 300w, http:\/\/cnd-freres.com\/wp-content\/uploads\/2017\/10\/20171010_103111-768x576.jpg 768w, http:\/\/cnd-freres.com\/wp-content\/uploads\/2017\/10\/20171010_103111-1024x768.jpg 1024w\" sizes=\"auto, (max-width: 4032px) 100vw, 4032px\" \/><\/a> <a href=\"http:\/\/cnd-freres.com\/wp-content\/uploads\/2017\/10\/20171010_111422.jpg\"><img loading=\"lazy\" decoding=\"async\" class=\"alignnone size-full wp-image-536\" src=\"http:\/\/cnd-freres.com\/wp-content\/uploads\/2017\/10\/20171010_111422.jpg\" alt=\"\" width=\"3024\" height=\"4032\" srcset=\"http:\/\/cnd-freres.com\/wp-content\/uploads\/2017\/10\/20171010_111422.jpg 3024w, http:\/\/cnd-freres.com\/wp-content\/uploads\/2017\/10\/20171010_111422-225x300.jpg 225w, http:\/\/cnd-freres.com\/wp-content\/uploads\/2017\/10\/20171010_111422-768x1024.jpg 768w\" sizes=\"auto, (max-width: 3024px) 100vw, 3024px\" \/><\/a> <a href=\"http:\/\/cnd-freres.com\/wp-content\/uploads\/2017\/10\/20171011_084438.jpg\"><img loading=\"lazy\" decoding=\"async\" class=\"alignnone size-full wp-image-537\" src=\"http:\/\/cnd-freres.com\/wp-content\/uploads\/2017\/10\/20171011_084438.jpg\" alt=\"\" width=\"3024\" height=\"4032\" srcset=\"http:\/\/cnd-freres.com\/wp-content\/uploads\/2017\/10\/20171011_084438.jpg 3024w, http:\/\/cnd-freres.com\/wp-content\/uploads\/2017\/10\/20171011_084438-225x300.jpg 225w, http:\/\/cnd-freres.com\/wp-content\/uploads\/2017\/10\/20171011_084438-768x1024.jpg 768w\" sizes=\"auto, (max-width: 3024px) 100vw, 3024px\" \/><\/a><\/p>\n<p>&nbsp;<\/p>\n","protected":false},"excerpt":{"rendered":"<p>Dans le cadre des activit\u00e9s culturelles, le d\u00e9partement d\u2019Histoire et de G\u00e9ographie au CND a accompagn\u00e9 les \u00e9l\u00e8ves de la EB6 \u00e0 l\u2019Institut Fran\u00e7ais pour participer au Festival de l\u2019Arch\u00e9ologie. &nbsp;<\/p>\n","protected":false},"author":1,"featured_media":535,"comment_status":"closed","ping_status":"closed","sticky":false,"template":"","format":"standard","meta":{"footnotes":""},"categories":[2],"tags":[],"class_list":["post-532","post","type-post","status-publish","format-standard","has-post-thumbnail","hentry","category-actualites"],"_links":{"self":[{"href":"http:\/\/cnd-freres.com\/index.php?rest_route=\/wp\/v2\/posts\/532","targetHints":{"allow":["GET"]}}],"collection":[{"href":"http:\/\/cnd-freres.com\/index.php?rest_route=\/wp\/v2\/posts"}],"about":[{"href":"http:\/\/cnd-freres.com\/index.php?rest_route=\/wp\/v2\/types\/post"}],"author":[{"embeddable":true,"href":"http:\/\/cnd-freres.com\/index.php?rest_route=\/wp\/v2\/users\/1"}],"replies":[{"embeddable":true,"href":"http:\/\/cnd-freres.com\/index.php?rest_route=%2Fwp%2Fv2%2Fcomments&post=532"}],"version-history":[{"count":1,"href":"http:\/\/cnd-freres.com\/index.php?rest_route=\/wp\/v2\/posts\/532\/revisions"}],"predecessor-version":[{"id":8694,"href":"http:\/\/cnd-freres.com\/index.php?rest_route=\/wp\/v2\/posts\/532\/revisions\/8694"}],"wp:featuredmedia":[{"embeddable":true,"href":"http:\/\/cnd-freres.com\/index.php?rest_route=\/wp\/v2\/media\/535"}],"wp:attachment":[{"href":"http:\/\/cnd-freres.com\/index.php?rest_route=%2Fwp%2Fv2%2Fmedia&parent=532"}],"wp:term":[{"taxonomy":"category","embeddable":true,"href":"http:\/\/cnd-freres.com\/index.php?rest_route=%2Fwp%2Fv2%2Fcategories&post=532"},{"taxonomy":"post_tag","embeddable":true,"href":"http:\/\/cnd-freres.com\/index.php?rest_route=%2Fwp%2Fv2%2Ftags&post=532"}],"curies":[{"name":"wp","href":"https:\/\/api.w.org\/{rel}","templated":true}]}}