{"id":524,"date":"2017-09-26T09:03:59","date_gmt":"2017-09-26T08:03:59","guid":{"rendered":"http:\/\/cnd-freres.com\/?p=524"},"modified":"2025-08-17T19:57:31","modified_gmt":"2025-08-17T16:57:31","slug":"lasalliens-sans-frontieres","status":"publish","type":"post","link":"http:\/\/cnd-freres.com\/?p=524","title":{"rendered":"Lasalliens sans fronti\u00e8res"},"content":{"rendered":"<p>Chers Fr\u00e8res,<\/p>\n<p>chers Amis lasalliens,<\/p>\n<p>Au d\u00e9but de la nouvelle ann\u00e9e scolaire 2017-2018, c\u2019est avec grand plaisir que je vous adresse ce message. Nous voil\u00e0 face \u00e0 une page blanche, sur laquelle nous pouvons inscrire trois mots\u00a0: \u00ab\u00a0 Merci,Accueillir et Se d\u00e9passer\u00a0\u00bb.<\/p>\n<p>\u00ab\u00a0Merci\u00a0\u00bb\u00a0: pour toutes les \u00e9quipes \u00e9ducatives, les animateurs de mouvements et de clubs qui se d\u00e9pensent sans compter, pour les efforts d\u00e9ploy\u00e9s durant l\u2019ann\u00e9e scolaire qui ont permis de r\u00e9colter d\u2019excellents r\u00e9sultats acad\u00e9miques. Trouvez ici toutes mes f\u00e9licitations pour tous ces succ\u00e8s. Il y a de quoi \u00eatre fier.Toutefois, ne faut-il pas \u00eatre conscient que les parents, les jeunes et la soci\u00e9t\u00e9 demeurent dans des attentes qui vont au-del\u00e0 des r\u00e9sultats obtenus. Ils cherchent des \u00e9ducateurs capables de donner des connaissances certes, mais capables encore de favoriser l\u2019envie d\u2019apprendre et de comprendre, d\u2019offrir la possibilit\u00e9 de d\u00e9velopper l\u2019esprit de recherche et de critique, d\u2019ouvrir \u00e0 des horizons o\u00f9 \u00a0l\u2019initiative et la collaboration auront leur place. Tout cela aux c\u00f4t\u00e9s de la r\u00e9flexion et du sens donn\u00e9 au travail et \u00e0 la joie de vivre. Nous vivons, en effet, dans une soci\u00e9t\u00e9 qui offre des moyens de communications efficaces,en plein d\u00e9veloppement, et pourtant demeurent encore bien pr\u00e9sents l\u2019injustice sociale, les abus, la violence et la solitude de l\u2019homme. C\u2019est notre d\u00e9sir et notre capacit\u00e9 a\u0300 vivre ensemble et a\u0300 faire soci\u00e9t\u00e9 qui sont en cause. C\u2019est dans ce contexte que nous accueillons pour les deux ann\u00e9es \u00e0 venir le th\u00e8me: \u00ab\u00a0 <em>Lasalliens sans fronti\u00e8res, \u00e9largis l\u2019espace de ta tente<\/em>\u00a0\u00bb.<\/p>\n<p>Ce th\u00e8me invite, \u00e0 la suite de saint Jean-Baptiste de la Salle, \u00e0 s\u2019interroger \u00e0 partir des besoins, \u00e0 se donner sans limite \u00ab\u00a0d\u2019engagement en engagement\u00a0\u00bb. Il se veut un appel \u00e0 une prise de conscience des fronti\u00e8res qui nous habitent et nous s\u00e9parent les uns des autres. Il propose une d\u00e9marche qui manifeste une volont\u00e9 de sortir de notre confort qui nous s\u00e9curise pour aller au-del\u00e0 de soi dans un esprit d\u2019exploration qui ose interroger les habitudes, les \u00e9vidences, les impasses apparentes. Cet esprit n\u2019a de sens que s\u2019il s\u2019ancre dans la r\u00e9alit\u00e9, dans l\u2019\u00e9paisseur du quotidien en accordant toute leur place a\u0300 l\u2019imagination et a\u0300 la rencontre de l\u2019autre et surtout des plus vuln\u00e9rables.<\/p>\n<p>J\u2019invite les \u00e9ducateurs \u00e0 commencer par d\u00e9couvrir les fronti\u00e8res existantes en mettant les jeunes dans une dynamique\u00a0: Recherche\/Action\/Pr\u00e9sentation. Cette dynamique est une opportunit\u00e9 d\u2019\u00e9change, d\u2019approfondissement et d\u2019engagement. Elle nous aide \u00e0 d\u00e9finir les fronti\u00e8res, et \u00e0 les d\u00e9passer. Mais,il sera difficile de vivre pleinement le th\u00e8me sans \u00e9duquer \u00e0 une culture du silence, de l\u2019\u00e9coute et de la relecture. Par maintes mani\u00e8res, il faudra proposer aux jeunes et aux adultes des temps d\u2019approfondissement car l\u2019activisme demeure un danger permanent dans notre soci\u00e9t\u00e9 de consommation dans laquelle r\u00e8gne le profit.<\/p>\n<p>Nous remercions le Seigneur pour les volontaires, jeunes ou adultes, qui ont d\u00e9pass\u00e9 les fronti\u00e8res afin de se mettre au service d\u2019enfants en situation de pr\u00e9carit\u00e9. D\u2019autres \u00e9ducateurs se sont investis dans des projets de rem\u00e9diation et de soutien scolaire, dans des exp\u00e9riences d\u2019\u00e9changes interculturels ou d\u2019ouverture au monde \u00e0 travers la participation \u00e0 des projets ainsi qu\u2019\u00e0 des programmes internationaux de formation\u00a0: \u00ab\u00a0MUNE\u00a0\u00bb, \u00ab\u00a0Debate Program\u00a0\u00bb, ou autres exp\u00e9riences de volontariat. Je voudrais aussi mentionner deux groupes :\u00a0le groupe d\u2019\u00e9ducateurs \u00ab\u00a0Esp\u00e9rance\u00a0\u00bb et le groupe \u00ab\u00a0Ensemble\u00a0\u00bb compos\u00e9 de personnel chr\u00e9tiens et musulmans, tous les deux pr\u00e9sents dans notre Coll\u00e8ge Saint-Marc d\u2019Alexandrie. Ils ouvrent des chemins de prise de conscience de l\u2019identit\u00e9 et de la mission lasalliennes.<\/p>\n<p>Nous remercions enfin le Seigneur pour le jeune Fr\u00e8re Fady Salama, qui a prononc\u00e9 ses premiers v\u0153ux \u00e0 Alexandrie en juillet dernier. Il poursuit d\u00e9sormais sa formation \u00e0 l\u2019Universit\u00e9 de Manille, aux Philippines. Continuons \u00e0 prier le ma\u00eetre de la moisson par l\u2019intercession du saint Fr\u00e8re Salomon d\u2019envoyer des vocations.<\/p>\n<p>Un \u00e9v\u00e8nement va survenir prochainement dans le District\u00a0: la visite pastorale du Fr\u00e8re Sup\u00e9rieur G\u00e9n\u00e9ral, Robert Schiller au mois de d\u00e9cembre prochain. Il sera accompagn\u00e9 par le Fr\u00e8re Conseiller G\u00e9n\u00e9ral en charge de la RELEM, Fr\u00e8re Aidan Kilty. Ils viennent \u00e0 notre rencontre, Fr\u00e8res et lasalliens. Ils viennent \u00e9couter nos joies et nos peines, d\u00e9couvrir notre mani\u00e8re de relever les d\u00e9fis et de pr\u00e9parer l\u2019avenir de la mission lasallienne. Ils viennent aussi partager quelques exp\u00e9riences et nous encourager dans notre volont\u00e9 de pr\u00e9parer l\u2019avenir.<\/p>\n<p>Vivre le th\u00e8me confirme donc notre d\u00e9sir de vivre la fraternit\u00e9, le service, la paix et la joie dans des contextes o\u00f9 r\u00e8gnent le fanatisme, l\u2019extr\u00e9misme, et cela dans des conditions \u00e9conomiques souvent difficiles.<\/p>\n<p>A tous, je redis mes souhaits pour une bonne et fructueuse ann\u00e9e scolaire.<\/p>\n<p>&nbsp;<\/p>\n<p>Fr\u00e8re Fadi, Visiteur,<\/p>\n<p>septembre 2017.<\/p>\n","protected":false},"excerpt":{"rendered":"<p>Chers Fr\u00e8res, chers Amis lasalliens, Au d\u00e9but de la nouvelle ann\u00e9e scolaire 2017-2018, c\u2019est avec grand plaisir que je vous adresse ce message. Nous voil\u00e0 face \u00e0 une page blanche, sur laquelle nous pouvons inscrire trois mots\u00a0: \u00ab\u00a0 Merci,Accueillir et Se d\u00e9passer\u00a0\u00bb. \u00ab\u00a0Merci\u00a0\u00bb\u00a0: pour toutes les \u00e9quipes \u00e9ducatives, les animateurs de mouvements et de clubs [&hellip;]<\/p>\n","protected":false},"author":1,"featured_media":0,"comment_status":"closed","ping_status":"closed","sticky":false,"template":"","format":"standard","meta":{"footnotes":""},"categories":[6],"tags":[],"class_list":["post-524","post","type-post","status-publish","format-standard","hentry","category-documents"],"_links":{"self":[{"href":"http:\/\/cnd-freres.com\/index.php?rest_route=\/wp\/v2\/posts\/524","targetHints":{"allow":["GET"]}}],"collection":[{"href":"http:\/\/cnd-freres.com\/index.php?rest_route=\/wp\/v2\/posts"}],"about":[{"href":"http:\/\/cnd-freres.com\/index.php?rest_route=\/wp\/v2\/types\/post"}],"author":[{"embeddable":true,"href":"http:\/\/cnd-freres.com\/index.php?rest_route=\/wp\/v2\/users\/1"}],"replies":[{"embeddable":true,"href":"http:\/\/cnd-freres.com\/index.php?rest_route=%2Fwp%2Fv2%2Fcomments&post=524"}],"version-history":[{"count":1,"href":"http:\/\/cnd-freres.com\/index.php?rest_route=\/wp\/v2\/posts\/524\/revisions"}],"predecessor-version":[{"id":8695,"href":"http:\/\/cnd-freres.com\/index.php?rest_route=\/wp\/v2\/posts\/524\/revisions\/8695"}],"wp:attachment":[{"href":"http:\/\/cnd-freres.com\/index.php?rest_route=%2Fwp%2Fv2%2Fmedia&parent=524"}],"wp:term":[{"taxonomy":"category","embeddable":true,"href":"http:\/\/cnd-freres.com\/index.php?rest_route=%2Fwp%2Fv2%2Fcategories&post=524"},{"taxonomy":"post_tag","embeddable":true,"href":"http:\/\/cnd-freres.com\/index.php?rest_route=%2Fwp%2Fv2%2Ftags&post=524"}],"curies":[{"name":"wp","href":"https:\/\/api.w.org\/{rel}","templated":true}]}}